{"id":282754,"date":"2023-10-19T19:20:52","date_gmt":"2023-10-19T19:20:52","guid":{"rendered":"http:\/\/ulysse-fm.net\/?p=282754"},"modified":"2023-10-19T19:20:52","modified_gmt":"2023-10-19T19:20:52","slug":"djerba-claire-astheber-peintre-francaise-de-retour-aux-jardins-de-toumana","status":"publish","type":"post","link":"https:\/\/ulysse-fm.net\/?p=282754","title":{"rendered":"Djerba  Claire ASTHEBER peintre francaise  de retour  aux jardins de Toumana"},"content":{"rendered":"<p>CLAIRE ASTH\u00c9BER une artiste peintre professionnel fran\u00e7aise, sejourne actuellement pour son 2eme \u00e9v\u00e9nement \u00e0 Djerba (au mois de mai une exposition de ses tableaux) et cette fois ci pour la r\u00e9alisation d&#8217;une fresque sur un mur aux Jardins de Toumana.a la zone touristique de djerba .<br \/>\nDans un bref enrtetien avec radio Ulysse FM elle nous a livre ses impressions :<br \/>\n\u300aJe suis tr\u00e8s heureuse d&#8217;\u00eatre \u00e0 Djerba l&#8217;\u00eele du soleil.<br \/>\nToujours tr\u00e8s bien accueillie, il y a ici une s\u00e9r\u00e9nit\u00e9 pour travailler, les gens sont serviables et agr\u00e9ables et je me sens tr\u00e8s tr\u00e8s bien.\u300b<\/p>\n<p>*Meimoun Ettounssi*<img loading=\"lazy\" decoding=\"async\" class=\"alignnone size-medium wp-image-282755\" src=\"http:\/\/ulysse-fm.net\/wp-content\/uploads\/2023\/10\/m-2-300x300.jpg\" alt=\"\" width=\"300\" height=\"300\" srcset=\"https:\/\/ulysse-fm.net\/wp-content\/uploads\/2023\/10\/m-2-300x300.jpg 300w, https:\/\/ulysse-fm.net\/wp-content\/uploads\/2023\/10\/m-2-150x150.jpg 150w, https:\/\/ulysse-fm.net\/wp-content\/uploads\/2023\/10\/m-2-550x550.jpg 550w, https:\/\/ulysse-fm.net\/wp-content\/uploads\/2023\/10\/m-2-298x298.jpg 298w, https:\/\/ulysse-fm.net\/wp-content\/uploads\/2023\/10\/m-2-400x400.jpg 400w, https:\/\/ulysse-fm.net\/wp-content\/uploads\/2023\/10\/m-2.jpg 768w\" sizes=\"(max-width: 300px) 100vw, 300px\" \/> <img loading=\"lazy\" decoding=\"async\" class=\"alignnone size-medium wp-image-282756\" src=\"http:\/\/ulysse-fm.net\/wp-content\/uploads\/2023\/10\/m-3-250x300.jpg\" alt=\"\" width=\"250\" height=\"300\" srcset=\"https:\/\/ulysse-fm.net\/wp-content\/uploads\/2023\/10\/m-3-250x300.jpg 250w, https:\/\/ulysse-fm.net\/wp-content\/uploads\/2023\/10\/m-3-854x1024.jpg 854w, https:\/\/ulysse-fm.net\/wp-content\/uploads\/2023\/10\/m-3-768x921.jpg 768w, https:\/\/ulysse-fm.net\/wp-content\/uploads\/2023\/10\/m-3-459x550.jpg 459w, https:\/\/ulysse-fm.net\/wp-content\/uploads\/2023\/10\/m-3-249x298.jpg 249w, https:\/\/ulysse-fm.net\/wp-content\/uploads\/2023\/10\/m-3-334x400.jpg 334w, https:\/\/ulysse-fm.net\/wp-content\/uploads\/2023\/10\/m-3.jpg 1126w\" sizes=\"(max-width: 250px) 100vw, 250px\" \/> <img loading=\"lazy\" decoding=\"async\" class=\"alignnone size-medium wp-image-282757\" src=\"http:\/\/ulysse-fm.net\/wp-content\/uploads\/2023\/10\/m-4-300x300.jpg\" alt=\"\" width=\"300\" height=\"300\" srcset=\"https:\/\/ulysse-fm.net\/wp-content\/uploads\/2023\/10\/m-4-300x300.jpg 300w, https:\/\/ulysse-fm.net\/wp-content\/uploads\/2023\/10\/m-4-1024x1024.jpg 1024w, https:\/\/ulysse-fm.net\/wp-content\/uploads\/2023\/10\/m-4-150x150.jpg 150w, https:\/\/ulysse-fm.net\/wp-content\/uploads\/2023\/10\/m-4-768x768.jpg 768w, https:\/\/ulysse-fm.net\/wp-content\/uploads\/2023\/10\/m-4-550x550.jpg 550w, https:\/\/ulysse-fm.net\/wp-content\/uploads\/2023\/10\/m-4-298x298.jpg 298w, https:\/\/ulysse-fm.net\/wp-content\/uploads\/2023\/10\/m-4-400x400.jpg 400w, https:\/\/ulysse-fm.net\/wp-content\/uploads\/2023\/10\/m-4.jpg 1440w\" sizes=\"(max-width: 300px) 100vw, 300px\" \/> <img loading=\"lazy\" decoding=\"async\" class=\"alignnone size-medium wp-image-282758\" src=\"http:\/\/ulysse-fm.net\/wp-content\/uploads\/2023\/10\/m-5-225x300.jpg\" alt=\"\" width=\"225\" height=\"300\" srcset=\"https:\/\/ulysse-fm.net\/wp-content\/uploads\/2023\/10\/m-5-225x300.jpg 225w, https:\/\/ulysse-fm.net\/wp-content\/uploads\/2023\/10\/m-5-768x1024.jpg 768w, https:\/\/ulysse-fm.net\/wp-content\/uploads\/2023\/10\/m-5-1152x1536.jpg 1152w, https:\/\/ulysse-fm.net\/wp-content\/uploads\/2023\/10\/m-5-413x550.jpg 413w, https:\/\/ulysse-fm.net\/wp-content\/uploads\/2023\/10\/m-5-224x298.jpg 224w, https:\/\/ulysse-fm.net\/wp-content\/uploads\/2023\/10\/m-5-300x400.jpg 300w, https:\/\/ulysse-fm.net\/wp-content\/uploads\/2023\/10\/m-5.jpg 1242w\" sizes=\"(max-width: 225px) 100vw, 225px\" \/><\/p>\n","protected":false},"excerpt":{"rendered":"<p>CLAIRE ASTH\u00c9BER une artiste peintre professionnel fran\u00e7aise, sejourne actuellement pour son 2eme \u00e9v\u00e9nement \u00e0 Djerba (au mois de mai une exposition de ses tableaux) et cette fois ci pour la r\u00e9alisation d&#8217;une fresque sur un mur aux Jardins de Toumana.a la zone touristique de djerba . Dans un bref enrtetien avec radio Ulysse FM elle [&hellip;]<\/p>\n","protected":false},"author":3,"featured_media":282759,"comment_status":"closed","ping_status":"open","sticky":false,"template":"","format":"gallery","meta":{"footnotes":""},"categories":[64,79],"tags":[],"yoast_head":"<!-- This site is optimized with the Yoast SEO plugin v24.5 - https:\/\/yoast.com\/wordpress\/plugins\/seo\/ -->\n<title>Djerba Claire ASTHEBER peintre francaise de retour aux jardins de Toumana - \u0631\u0627\u062f\u064a\u0648 \u0623\u0648\u0644\u064a\u0633 \u0623\u0641 \u0623\u0645<\/title>\n<meta name=\"robots\" content=\"index, follow, max-snippet:-1, max-image-preview:large, max-video-preview:-1\" \/>\n<link rel=\"canonical\" href=\"https:\/\/ulysse-fm.net\/?p=282754\" \/>\n<meta property=\"og:locale\" content=\"ar_AR\" \/>\n<meta property=\"og:type\" content=\"article\" \/>\n<meta property=\"og:title\" content=\"Djerba Claire ASTHEBER peintre francaise de retour aux jardins de Toumana - \u0631\u0627\u062f\u064a\u0648 \u0623\u0648\u0644\u064a\u0633 \u0623\u0641 \u0623\u0645\" \/>\n<meta property=\"og:description\" content=\"CLAIRE ASTH\u00c9BER une artiste peintre professionnel fran\u00e7aise, sejourne actuellement pour son 2eme \u00e9v\u00e9nement \u00e0 Djerba (au mois de mai une exposition de ses tableaux) et cette fois ci pour la r\u00e9alisation d&#8217;une fresque sur un mur aux Jardins de Toumana.a la zone touristique de djerba . Dans un bref enrtetien avec radio Ulysse FM elle [&hellip;]\" \/>\n<meta property=\"og:url\" content=\"https:\/\/ulysse-fm.net\/?p=282754\" \/>\n<meta property=\"og:site_name\" content=\"\u0631\u0627\u062f\u064a\u0648 \u0623\u0648\u0644\u064a\u0633 \u0623\u0641 \u0623\u0645\" \/>\n<meta property=\"article:publisher\" content=\"https:\/\/www.facebook.com\/UlysseFM.page.officielle\/\" \/>\n<meta property=\"article:published_time\" content=\"2023-10-19T19:20:52+00:00\" \/>\n<meta property=\"og:image\" content=\"https:\/\/ulysse-fm.net\/wp-content\/uploads\/2023\/10\/offfff.jpg\" \/>\n\t<meta property=\"og:image:width\" content=\"1200\" \/>\n\t<meta property=\"og:image:height\" content=\"628\" \/>\n\t<meta property=\"og:image:type\" content=\"image\/jpeg\" \/>\n<meta name=\"author\" content=\"Ulysse fm\" \/>\n<meta name=\"twitter:card\" content=\"summary_large_image\" \/>\n<meta name=\"twitter:label1\" content=\"\u0643\u064f\u062a\u0628 \u0628\u0648\u0627\u0633\u0637\u0629\" \/>\n\t<meta name=\"twitter:data1\" content=\"Ulysse fm\" \/>\n\t<meta name=\"twitter:label2\" content=\"\u0648\u0642\u062a \u0627\u0644\u0642\u0631\u0627\u0621\u0629 \u0627\u0644\u0645\u064f\u0642\u062f\u0651\u0631\" \/>\n\t<meta name=\"twitter:data2\" content=\"\u062f\u0642\u064a\u0642\u062a\u0627\u0646\" \/>\n<script type=\"application\/ld+json\" class=\"yoast-schema-graph\">{\"@context\":\"https:\/\/schema.org\",\"@graph\":[{\"@type\":\"Article\",\"@id\":\"https:\/\/ulysse-fm.net\/?p=282754#article\",\"isPartOf\":{\"@id\":\"https:\/\/ulysse-fm.net\/?p=282754\"},\"author\":{\"name\":\"Ulysse fm\",\"@id\":\"https:\/\/ulysse-fm.net\/#\/schema\/person\/81420063d5019dfae10f98bc0063b01b\"},\"headline\":\"Djerba Claire ASTHEBER peintre francaise de retour aux jardins de Toumana\",\"datePublished\":\"2023-10-19T19:20:52+00:00\",\"mainEntityOfPage\":{\"@id\":\"https:\/\/ulysse-fm.net\/?p=282754\"},\"wordCount\":119,\"publisher\":{\"@id\":\"https:\/\/ulysse-fm.net\/#organization\"},\"image\":{\"@id\":\"https:\/\/ulysse-fm.net\/?p=282754#primaryimage\"},\"thumbnailUrl\":\"https:\/\/ulysse-fm.net\/wp-content\/uploads\/2023\/10\/offfff.jpg\",\"articleSection\":[\"\u0627\u0644\u0623\u062e\u0628\u0627\u0631\",\"\u062c\u0647\u0648\u064a\u0629\"],\"inLanguage\":\"ar\"},{\"@type\":\"WebPage\",\"@id\":\"https:\/\/ulysse-fm.net\/?p=282754\",\"url\":\"https:\/\/ulysse-fm.net\/?p=282754\",\"name\":\"Djerba Claire ASTHEBER peintre francaise de retour aux jardins de Toumana - \u0631\u0627\u062f\u064a\u0648 \u0623\u0648\u0644\u064a\u0633 \u0623\u0641 \u0623\u0645\",\"isPartOf\":{\"@id\":\"https:\/\/ulysse-fm.net\/#website\"},\"primaryImageOfPage\":{\"@id\":\"https:\/\/ulysse-fm.net\/?p=282754#primaryimage\"},\"image\":{\"@id\":\"https:\/\/ulysse-fm.net\/?p=282754#primaryimage\"},\"thumbnailUrl\":\"https:\/\/ulysse-fm.net\/wp-content\/uploads\/2023\/10\/offfff.jpg\",\"datePublished\":\"2023-10-19T19:20:52+00:00\",\"breadcrumb\":{\"@id\":\"https:\/\/ulysse-fm.net\/?p=282754#breadcrumb\"},\"inLanguage\":\"ar\",\"potentialAction\":[{\"@type\":\"ReadAction\",\"target\":[\"https:\/\/ulysse-fm.net\/?p=282754\"]}]},{\"@type\":\"ImageObject\",\"inLanguage\":\"ar\",\"@id\":\"https:\/\/ulysse-fm.net\/?p=282754#primaryimage\",\"url\":\"https:\/\/ulysse-fm.net\/wp-content\/uploads\/2023\/10\/offfff.jpg\",\"contentUrl\":\"https:\/\/ulysse-fm.net\/wp-content\/uploads\/2023\/10\/offfff.jpg\",\"width\":1200,\"height\":628},{\"@type\":\"BreadcrumbList\",\"@id\":\"https:\/\/ulysse-fm.net\/?p=282754#breadcrumb\",\"itemListElement\":[{\"@type\":\"ListItem\",\"position\":1,\"name\":\"Home\",\"item\":\"https:\/\/ulysse-fm.net\/\"},{\"@type\":\"ListItem\",\"position\":2,\"name\":\"Djerba Claire ASTHEBER peintre francaise de retour aux jardins de Toumana\"}]},{\"@type\":\"WebSite\",\"@id\":\"https:\/\/ulysse-fm.net\/#website\",\"url\":\"https:\/\/ulysse-fm.net\/\",\"name\":\"\u0631\u0627\u062f\u064a\u0648 \u0623\u0648\u0644\u064a\u0633 \u0623\u0641 \u0623\u0645\",\"description\":\"\u0631\u0627\u062f\u064a\u0648 \u0623\u0648\u0644\u064a\u0633 \u0623\u0641 \u0623\u0645 \u0627\u0644\u0635\u0648\u062a \u0635\u0648\u062a\u0643\",\"publisher\":{\"@id\":\"https:\/\/ulysse-fm.net\/#organization\"},\"potentialAction\":[{\"@type\":\"SearchAction\",\"target\":{\"@type\":\"EntryPoint\",\"urlTemplate\":\"https:\/\/ulysse-fm.net\/?s={search_term_string}\"},\"query-input\":{\"@type\":\"PropertyValueSpecification\",\"valueRequired\":true,\"valueName\":\"search_term_string\"}}],\"inLanguage\":\"ar\"},{\"@type\":\"Organization\",\"@id\":\"https:\/\/ulysse-fm.net\/#organization\",\"name\":\"\u0631\u0627\u062f\u064a\u0648 \u0623\u0648\u0644\u064a\u0633 \u0623\u0641 \u0623\u0645\",\"url\":\"https:\/\/ulysse-fm.net\/\",\"logo\":{\"@type\":\"ImageObject\",\"inLanguage\":\"ar\",\"@id\":\"https:\/\/ulysse-fm.net\/#\/schema\/logo\/image\/\",\"url\":\"https:\/\/ulysse-fm.net\/wp-content\/uploads\/2024\/12\/logo.png\",\"contentUrl\":\"https:\/\/ulysse-fm.net\/wp-content\/uploads\/2024\/12\/logo.png\",\"width\":219,\"height\":174,\"caption\":\"\u0631\u0627\u062f\u064a\u0648 \u0623\u0648\u0644\u064a\u0633 \u0623\u0641 \u0623\u0645\"},\"image\":{\"@id\":\"https:\/\/ulysse-fm.net\/#\/schema\/logo\/image\/\"},\"sameAs\":[\"https:\/\/www.facebook.com\/UlysseFM.page.officielle\/\"]},{\"@type\":\"Person\",\"@id\":\"https:\/\/ulysse-fm.net\/#\/schema\/person\/81420063d5019dfae10f98bc0063b01b\",\"name\":\"Ulysse fm\",\"image\":{\"@type\":\"ImageObject\",\"inLanguage\":\"ar\",\"@id\":\"https:\/\/ulysse-fm.net\/#\/schema\/person\/image\/\",\"url\":\"https:\/\/secure.gravatar.com\/avatar\/8e71629b2c643fb652fe6de5c182833e?s=96&d=mm&r=g\",\"contentUrl\":\"https:\/\/secure.gravatar.com\/avatar\/8e71629b2c643fb652fe6de5c182833e?s=96&d=mm&r=g\",\"caption\":\"Ulysse fm\"},\"url\":\"https:\/\/ulysse-fm.net\/?author=3\"}]}<\/script>\n<!-- \/ Yoast SEO plugin. -->","yoast_head_json":{"title":"Djerba Claire ASTHEBER peintre francaise de retour aux jardins de Toumana - \u0631\u0627\u062f\u064a\u0648 \u0623\u0648\u0644\u064a\u0633 \u0623\u0641 \u0623\u0645","robots":{"index":"index","follow":"follow","max-snippet":"max-snippet:-1","max-image-preview":"max-image-preview:large","max-video-preview":"max-video-preview:-1"},"canonical":"https:\/\/ulysse-fm.net\/?p=282754","og_locale":"ar_AR","og_type":"article","og_title":"Djerba Claire ASTHEBER peintre francaise de retour aux jardins de Toumana - \u0631\u0627\u062f\u064a\u0648 \u0623\u0648\u0644\u064a\u0633 \u0623\u0641 \u0623\u0645","og_description":"CLAIRE ASTH\u00c9BER une artiste peintre professionnel fran\u00e7aise, sejourne actuellement pour son 2eme \u00e9v\u00e9nement \u00e0 Djerba (au mois de mai une exposition de ses tableaux) et cette fois ci pour la r\u00e9alisation d&#8217;une fresque sur un mur aux Jardins de Toumana.a la zone touristique de djerba . Dans un bref enrtetien avec radio Ulysse FM elle [&hellip;]","og_url":"https:\/\/ulysse-fm.net\/?p=282754","og_site_name":"\u0631\u0627\u062f\u064a\u0648 \u0623\u0648\u0644\u064a\u0633 \u0623\u0641 \u0623\u0645","article_publisher":"https:\/\/www.facebook.com\/UlysseFM.page.officielle\/","article_published_time":"2023-10-19T19:20:52+00:00","og_image":[{"width":1200,"height":628,"url":"https:\/\/ulysse-fm.net\/wp-content\/uploads\/2023\/10\/offfff.jpg","type":"image\/jpeg"}],"author":"Ulysse fm","twitter_card":"summary_large_image","twitter_misc":{"\u0643\u064f\u062a\u0628 \u0628\u0648\u0627\u0633\u0637\u0629":"Ulysse fm","\u0648\u0642\u062a \u0627\u0644\u0642\u0631\u0627\u0621\u0629 \u0627\u0644\u0645\u064f\u0642\u062f\u0651\u0631":"\u062f\u0642\u064a\u0642\u062a\u0627\u0646"},"schema":{"@context":"https:\/\/schema.org","@graph":[{"@type":"Article","@id":"https:\/\/ulysse-fm.net\/?p=282754#article","isPartOf":{"@id":"https:\/\/ulysse-fm.net\/?p=282754"},"author":{"name":"Ulysse fm","@id":"https:\/\/ulysse-fm.net\/#\/schema\/person\/81420063d5019dfae10f98bc0063b01b"},"headline":"Djerba Claire ASTHEBER peintre francaise de retour aux jardins de Toumana","datePublished":"2023-10-19T19:20:52+00:00","mainEntityOfPage":{"@id":"https:\/\/ulysse-fm.net\/?p=282754"},"wordCount":119,"publisher":{"@id":"https:\/\/ulysse-fm.net\/#organization"},"image":{"@id":"https:\/\/ulysse-fm.net\/?p=282754#primaryimage"},"thumbnailUrl":"https:\/\/ulysse-fm.net\/wp-content\/uploads\/2023\/10\/offfff.jpg","articleSection":["\u0627\u0644\u0623\u062e\u0628\u0627\u0631","\u062c\u0647\u0648\u064a\u0629"],"inLanguage":"ar"},{"@type":"WebPage","@id":"https:\/\/ulysse-fm.net\/?p=282754","url":"https:\/\/ulysse-fm.net\/?p=282754","name":"Djerba Claire ASTHEBER peintre francaise de retour aux jardins de Toumana - \u0631\u0627\u062f\u064a\u0648 \u0623\u0648\u0644\u064a\u0633 \u0623\u0641 \u0623\u0645","isPartOf":{"@id":"https:\/\/ulysse-fm.net\/#website"},"primaryImageOfPage":{"@id":"https:\/\/ulysse-fm.net\/?p=282754#primaryimage"},"image":{"@id":"https:\/\/ulysse-fm.net\/?p=282754#primaryimage"},"thumbnailUrl":"https:\/\/ulysse-fm.net\/wp-content\/uploads\/2023\/10\/offfff.jpg","datePublished":"2023-10-19T19:20:52+00:00","breadcrumb":{"@id":"https:\/\/ulysse-fm.net\/?p=282754#breadcrumb"},"inLanguage":"ar","potentialAction":[{"@type":"ReadAction","target":["https:\/\/ulysse-fm.net\/?p=282754"]}]},{"@type":"ImageObject","inLanguage":"ar","@id":"https:\/\/ulysse-fm.net\/?p=282754#primaryimage","url":"https:\/\/ulysse-fm.net\/wp-content\/uploads\/2023\/10\/offfff.jpg","contentUrl":"https:\/\/ulysse-fm.net\/wp-content\/uploads\/2023\/10\/offfff.jpg","width":1200,"height":628},{"@type":"BreadcrumbList","@id":"https:\/\/ulysse-fm.net\/?p=282754#breadcrumb","itemListElement":[{"@type":"ListItem","position":1,"name":"Home","item":"https:\/\/ulysse-fm.net\/"},{"@type":"ListItem","position":2,"name":"Djerba Claire ASTHEBER peintre francaise de retour aux jardins de Toumana"}]},{"@type":"WebSite","@id":"https:\/\/ulysse-fm.net\/#website","url":"https:\/\/ulysse-fm.net\/","name":"\u0631\u0627\u062f\u064a\u0648 \u0623\u0648\u0644\u064a\u0633 \u0623\u0641 \u0623\u0645","description":"\u0631\u0627\u062f\u064a\u0648 \u0623\u0648\u0644\u064a\u0633 \u0623\u0641 \u0623\u0645 \u0627\u0644\u0635\u0648\u062a \u0635\u0648\u062a\u0643","publisher":{"@id":"https:\/\/ulysse-fm.net\/#organization"},"potentialAction":[{"@type":"SearchAction","target":{"@type":"EntryPoint","urlTemplate":"https:\/\/ulysse-fm.net\/?s={search_term_string}"},"query-input":{"@type":"PropertyValueSpecification","valueRequired":true,"valueName":"search_term_string"}}],"inLanguage":"ar"},{"@type":"Organization","@id":"https:\/\/ulysse-fm.net\/#organization","name":"\u0631\u0627\u062f\u064a\u0648 \u0623\u0648\u0644\u064a\u0633 \u0623\u0641 \u0623\u0645","url":"https:\/\/ulysse-fm.net\/","logo":{"@type":"ImageObject","inLanguage":"ar","@id":"https:\/\/ulysse-fm.net\/#\/schema\/logo\/image\/","url":"https:\/\/ulysse-fm.net\/wp-content\/uploads\/2024\/12\/logo.png","contentUrl":"https:\/\/ulysse-fm.net\/wp-content\/uploads\/2024\/12\/logo.png","width":219,"height":174,"caption":"\u0631\u0627\u062f\u064a\u0648 \u0623\u0648\u0644\u064a\u0633 \u0623\u0641 \u0623\u0645"},"image":{"@id":"https:\/\/ulysse-fm.net\/#\/schema\/logo\/image\/"},"sameAs":["https:\/\/www.facebook.com\/UlysseFM.page.officielle\/"]},{"@type":"Person","@id":"https:\/\/ulysse-fm.net\/#\/schema\/person\/81420063d5019dfae10f98bc0063b01b","name":"Ulysse fm","image":{"@type":"ImageObject","inLanguage":"ar","@id":"https:\/\/ulysse-fm.net\/#\/schema\/person\/image\/","url":"https:\/\/secure.gravatar.com\/avatar\/8e71629b2c643fb652fe6de5c182833e?s=96&d=mm&r=g","contentUrl":"https:\/\/secure.gravatar.com\/avatar\/8e71629b2c643fb652fe6de5c182833e?s=96&d=mm&r=g","caption":"Ulysse fm"},"url":"https:\/\/ulysse-fm.net\/?author=3"}]}},"_links":{"self":[{"href":"https:\/\/ulysse-fm.net\/index.php?rest_route=\/wp\/v2\/posts\/282754"}],"collection":[{"href":"https:\/\/ulysse-fm.net\/index.php?rest_route=\/wp\/v2\/posts"}],"about":[{"href":"https:\/\/ulysse-fm.net\/index.php?rest_route=\/wp\/v2\/types\/post"}],"author":[{"embeddable":true,"href":"https:\/\/ulysse-fm.net\/index.php?rest_route=\/wp\/v2\/users\/3"}],"replies":[{"embeddable":true,"href":"https:\/\/ulysse-fm.net\/index.php?rest_route=%2Fwp%2Fv2%2Fcomments&post=282754"}],"version-history":[{"count":2,"href":"https:\/\/ulysse-fm.net\/index.php?rest_route=\/wp\/v2\/posts\/282754\/revisions"}],"predecessor-version":[{"id":282761,"href":"https:\/\/ulysse-fm.net\/index.php?rest_route=\/wp\/v2\/posts\/282754\/revisions\/282761"}],"wp:featuredmedia":[{"embeddable":true,"href":"https:\/\/ulysse-fm.net\/index.php?rest_route=\/wp\/v2\/media\/282759"}],"wp:attachment":[{"href":"https:\/\/ulysse-fm.net\/index.php?rest_route=%2Fwp%2Fv2%2Fmedia&parent=282754"}],"wp:term":[{"taxonomy":"category","embeddable":true,"href":"https:\/\/ulysse-fm.net\/index.php?rest_route=%2Fwp%2Fv2%2Fcategories&post=282754"},{"taxonomy":"post_tag","embeddable":true,"href":"https:\/\/ulysse-fm.net\/index.php?rest_route=%2Fwp%2Fv2%2Ftags&post=282754"}],"curies":[{"name":"wp","href":"https:\/\/api.w.org\/{rel}","templated":true}]}}